{"id":193,"date":"2020-03-19T23:00:00","date_gmt":"2020-03-19T22:00:00","guid":{"rendered":"https:\/\/www.desouches-chirurgien-esthetique.com\/prenez-du-temps-pour-vous\/"},"modified":"2021-03-05T12:18:51","modified_gmt":"2021-03-05T11:18:51","slug":"prenditi-del-tempo-per-te-stesso","status":"publish","type":"post","link":"https:\/\/www.desouches-chirurgien-esthetique.com\/it\/actualites\/prenez-du-temps-pour-vous\/","title":{"rendered":"Prenditi del tempo per te stesso!"},"content":{"rendered":"<h1><span style=\"color: #666666; font-size: 14px;\">E se approfittiamo di questo periodo per parlare di bellezza, benessere, salute e domande - risposte sulla chirurgia estetica?<\/span><\/h1>\n<div id=\"container_actualite_listing\">\n<div class=\"detail_actu\">\n<div class=\"actualitesDetailContenu\">\n<p><a class=\"lightbox\" href=\"https:\/\/www.desouches-chirurgien-esthetique.com\/it\/photos\/woman-2197947_1920.jpg\/\" data-fancybox-group=\"actu_321\"><img decoding=\"async\" class=\"aligncenter\" title=\"PRENDITI DEL TEMPO PER TE! \" src=\"https:\/\/www.desouches-chirurgien-esthetique.com\/photos\/200x133\/woman-2197947_1920.jpg\" alt=\"PRENDITI DEL TEMPO PER TE! \" width=\"200\" height=\"133\" \/><\/a><br \/>\nIniziamo con la routine di bellezza casalinga;<\/p>\n<h2>\nPrenditi del tempo per te stesso!<\/h2>\n<p>Che si tratti di figli, studio, lavoro... abbiamo sempre una pessima scusa per lasciarci andare. Tuttavia, avere fiducia in se stessi ed essere di buon umore inizia con il sentirsi belli e bene con il proprio corpo. Quindi impostiamo un rituale di bellezza minimo su base giornaliera e inizia sfruttando al meglio la notte!<\/p>\n<p>Prendersi cura di s\u00e9 significa anche dormire di qualit\u00e0. Non solo fa bene alla salute ma anche alla pelle. Inoltre, le modelle non si sbagliano: \u00e8 il loro segreto di bellezza avere un incarnato radioso e zero occhiaie.<\/p>\n<h2>\nIl sonno \u00e8 anche un buon momento per la rigenerazione cellulare. Quindi, \u00e8 il momento perfetto per optare per la cura della notte e ottenere un nuovo look. Investiamo in un trattamento multitasking che protegge e ripara!<\/h2>\n<\/div>\n<\/div>\n<\/div>","protected":false},"excerpt":{"rendered":"<p>E se approfittiamo di questo periodo per parlare di bellezza, benessere, salute e domande - risposte sulla chirurgia estetica?<br \/>\nIniziamo con la routine di bellezza casalinga;<br \/>\nPrendine un po\u2026<\/p>","protected":false},"author":1,"featured_media":0,"comment_status":"closed","ping_status":"open","sticky":false,"template":"","format":"standard","meta":{"_et_pb_use_builder":"","_et_pb_old_content":"","_et_gb_content_width":"","footnotes":""},"categories":[72],"tags":[],"dipi_cpt_category":[],"class_list":["post-193","post","type-post","status-publish","format-standard","hentry","category-actualites"],"_links":{"self":[{"href":"https:\/\/www.desouches-chirurgien-esthetique.com\/it\/wp-json\/wp\/v2\/posts\/193","targetHints":{"allow":["GET"]}}],"collection":[{"href":"https:\/\/www.desouches-chirurgien-esthetique.com\/it\/wp-json\/wp\/v2\/posts"}],"about":[{"href":"https:\/\/www.desouches-chirurgien-esthetique.com\/it\/wp-json\/wp\/v2\/types\/post"}],"author":[{"embeddable":true,"href":"https:\/\/www.desouches-chirurgien-esthetique.com\/it\/wp-json\/wp\/v2\/users\/1"}],"replies":[{"embeddable":true,"href":"https:\/\/www.desouches-chirurgien-esthetique.com\/it\/wp-json\/wp\/v2\/comments?post=193"}],"version-history":[{"count":2,"href":"https:\/\/www.desouches-chirurgien-esthetique.com\/it\/wp-json\/wp\/v2\/posts\/193\/revisions"}],"predecessor-version":[{"id":1156,"href":"https:\/\/www.desouches-chirurgien-esthetique.com\/it\/wp-json\/wp\/v2\/posts\/193\/revisions\/1156"}],"wp:attachment":[{"href":"https:\/\/www.desouches-chirurgien-esthetique.com\/it\/wp-json\/wp\/v2\/media?parent=193"}],"wp:term":[{"taxonomy":"category","embeddable":true,"href":"https:\/\/www.desouches-chirurgien-esthetique.com\/it\/wp-json\/wp\/v2\/categories?post=193"},{"taxonomy":"post_tag","embeddable":true,"href":"https:\/\/www.desouches-chirurgien-esthetique.com\/it\/wp-json\/wp\/v2\/tags?post=193"},{"taxonomy":"dipi_cpt_category","embeddable":true,"href":"https:\/\/www.desouches-chirurgien-esthetique.com\/it\/wp-json\/wp\/v2\/dipi_cpt_category?post=193"}],"curies":[{"name":"parola chiave","href":"https:\/\/api.w.org\/{rel}","templated":true}]}}