{"id":292,"date":"2017-03-01T23:00:00","date_gmt":"2017-03-01T22:00:00","guid":{"rendered":"https:\/\/www.desouches-chirurgien-esthetique.com\/le-point-sur-le-plasma-riche-en-plaquette-par-le-dr-christophe-desouches\/"},"modified":"2021-03-05T08:44:23","modified_gmt":"2021-03-05T07:44:23","slug":"la-actualizacion-sobre-plasma-rico-en-plaquetas-por-el-dr-christophe-desouches","status":"publish","type":"post","link":"https:\/\/www.desouches-chirurgien-esthetique.com\/es\/actualites\/le-point-sur-le-plasma-riche-en-plaquette-par-le-dr-christophe-desouches\/","title":{"rendered":"Actualizaci\u00f3n sobre el plasma rico en plaquetas por el Dr. Christophe Desouches"},"content":{"rendered":"<p>El PRP se usa cada vez m\u00e1s en\u00a0<a href=\"https:\/\/www.desouches-chirurgien-esthetique.com\/es\/cabinet-chirurgie-esthetique.php\/\">cirug\u00eda cosm\u00e9tica<\/a>\u00a0y en\u00a0<a href=\"https:\/\/www.desouches-chirurgien-esthetique.com\/es\/chirurgie-esthetique-visage.php\/\">cirug\u00eda pl\u00e1stica<\/a>\u00a0por sus cualidades regenerativas.<br \/>\nel\u00a0<strong>PPR<\/strong>, Abreviaci\u00f3n de\u00a0<strong>Plasma rico en plaquetas<\/strong>, es un producto obtenido por centrifugaci\u00f3n de una peque\u00f1a cantidad de sangre propia extra\u00edda del pliegue del codo. Este extracto de sangre es un concentrado de plaquetas; estos \u00faltimos tienen propiedades regeneradoras y cicatrizantes.<\/p>\n<h2>\u00bfCu\u00e1les son las indicaciones de este tratamiento?<\/h2>\n<p><u>REJUVENECIMIENTO DE PIEL<\/u><br \/>\n<strong>Envejecimiento de la piel<\/strong>\u00a0conduce a una reducci\u00f3n en la cantidad y calidad de las prote\u00ednas que estructuran la piel. Estas prote\u00ednas son secretadas por los fibroblastos y est\u00e1n representadas esencialmente por el col\u00e1geno responsable del grosor y la solidez de la piel y la elastina que asegura su flexibilidad. Los estudios en animales y en cultivos de fibroblastos muestran que el PRP mejora significativamente la calidad de la dermis y la secreci\u00f3n de col\u00e1geno (1,2,3).<br \/>\nLa inyecci\u00f3n debajo de la piel mediante microinyecci\u00f3n en forma de mesoterapia o mediante microc\u00e1nulas puede corregir los signos del envejecimiento, mejorar la textura de la piel y suavizar las arrugas de la piel. El resultado se obtiene tras 2 o 3 sesiones.<\/p>\n<p>1. \u00bfSe puede utilizar el plasma rico en plaquetas para el rejuvenecimiento de la piel? Evaluaci\u00f3n de los efectos del plasma rico en plaquetas en fibroblastos d\u00e9rmicos humanos. Ann Dermatol. 2011 noviembre; 23 (4): 424-31<\/p>\n<p>2. El plasma rico en plaquetas induce una mayor expresi\u00f3n de reguladores del ciclo celular G1, col\u00e1geno tipo I y metaloproteinasa-1 de matriz en fibroblastos de piel humana. Int J Mol Med. 2012 Ene;29(1):32-6<\/p>\n<p>3. Efecto del plasma rico en plaquetas sobre las arrugas de la piel inducidas por ultravioleta b en ratones desnudos. J Plast Reconstr Aesthet Surg. 2011 febrero;64(2):e31-9.<\/p>\n<p><u>EL TRATAMIENTO DE LA ALOPECIA<\/u><br \/>\nEl PRP se ha utilizado durante mucho tiempo para prevenir la ca\u00edda del cabello o para promover el crecimiento despu\u00e9s de la alopecia. Estos tratamientos se basaron en algunos estudios en animales que mostraron la regeneraci\u00f3n del cabello (4). Sin embargo, incluso si estos tratamientos parec\u00edan efectivos, ning\u00fan estudio permiti\u00f3 afirmar un beneficio real. El British Journal of Dermatology public\u00f3 recientemente un ensayo cl\u00ednico aleatorizado en el que se utilizaron inyecciones de PRP frente a un placebo. Este estudio de gran valor cient\u00edfico muestra una ventaja significativa de las inyecciones de PRP para el tratamiento de ciertos tipos de alopecia (5).<br \/>\nSe recomienda realizar 3 sesiones de inyecci\u00f3n con intervalos de 15 d\u00edas para obtener una mejora en la densificaci\u00f3n del cuero cabelludo.<\/p>\n<p>4. Plasma aut\u00f3logo rico en plaquetas: una potencial herramienta terap\u00e9utica para promover el crecimiento del cabello. Cirug\u00eda Dermatol. 2012 julio; 38 (7 parte 1): 1040-6<\/p>\n<p>5. Un estudio aleatorizado, doble ciego, controlado con placebo y activo, de mitad de cabeza para evaluar los efectos del plasma rico en plaquetas en la alopecia areata. Br J Dermatol. 22 de abril de 2013. doi: 10.1111\/bjd.12397<\/p>","protected":false},"excerpt":{"rendered":"<p>PRP o relleno NATURAL<br \/>\nEl PRP se utiliza cada vez m\u00e1s en medicina est\u00e9tica y cirug\u00eda est\u00e9tica por sus cualidades regenerativas.PRP, abreviatura de Plasma rico en...<\/p>","protected":false},"author":1,"featured_media":0,"comment_status":"closed","ping_status":"open","sticky":false,"template":"","format":"standard","meta":{"_et_pb_use_builder":"","_et_pb_old_content":"","_et_gb_content_width":"","footnotes":""},"categories":[72],"tags":[],"dipi_cpt_category":[],"class_list":["post-292","post","type-post","status-publish","format-standard","hentry","category-actualites"],"_links":{"self":[{"href":"https:\/\/www.desouches-chirurgien-esthetique.com\/es\/wp-json\/wp\/v2\/posts\/292","targetHints":{"allow":["GET"]}}],"collection":[{"href":"https:\/\/www.desouches-chirurgien-esthetique.com\/es\/wp-json\/wp\/v2\/posts"}],"about":[{"href":"https:\/\/www.desouches-chirurgien-esthetique.com\/es\/wp-json\/wp\/v2\/types\/post"}],"author":[{"embeddable":true,"href":"https:\/\/www.desouches-chirurgien-esthetique.com\/es\/wp-json\/wp\/v2\/users\/1"}],"replies":[{"embeddable":true,"href":"https:\/\/www.desouches-chirurgien-esthetique.com\/es\/wp-json\/wp\/v2\/comments?post=292"}],"version-history":[{"count":3,"href":"https:\/\/www.desouches-chirurgien-esthetique.com\/es\/wp-json\/wp\/v2\/posts\/292\/revisions"}],"predecessor-version":[{"id":975,"href":"https:\/\/www.desouches-chirurgien-esthetique.com\/es\/wp-json\/wp\/v2\/posts\/292\/revisions\/975"}],"wp:attachment":[{"href":"https:\/\/www.desouches-chirurgien-esthetique.com\/es\/wp-json\/wp\/v2\/media?parent=292"}],"wp:term":[{"taxonomy":"category","embeddable":true,"href":"https:\/\/www.desouches-chirurgien-esthetique.com\/es\/wp-json\/wp\/v2\/categories?post=292"},{"taxonomy":"post_tag","embeddable":true,"href":"https:\/\/www.desouches-chirurgien-esthetique.com\/es\/wp-json\/wp\/v2\/tags?post=292"},{"taxonomy":"dipi_cpt_category","embeddable":true,"href":"https:\/\/www.desouches-chirurgien-esthetique.com\/es\/wp-json\/wp\/v2\/dipi_cpt_category?post=292"}],"curies":[{"name":"gracias","href":"https:\/\/api.w.org\/{rel}","templated":true}]}}