{"id":291,"date":"2017-04-13T22:00:00","date_gmt":"2017-04-13T20:00:00","guid":{"rendered":"https:\/\/www.desouches-chirurgien-esthetique.com\/augmentation-mammaire-par-prothese-pour-hypoplasie-mammaire-moderee-congenitale\/"},"modified":"2021-03-05T08:44:48","modified_gmt":"2021-03-05T07:44:48","slug":"aumento-de-mama-mediante-protesis-para-hipoplasia-mama-congenita-moderada","status":"publish","type":"post","link":"https:\/\/www.desouches-chirurgien-esthetique.com\/es\/actualites\/augmentation-mammaire-par-prothese-pour-hypoplasie-mammaire-moderee-congenitale\/","title":{"rendered":"Aumento mamario mediante pr\u00f3tesis para hipoplasia mamaria cong\u00e9nita moderada"},"content":{"rendered":"<p>Colocaci\u00f3n por v\u00eda hemi-areolar inferior de implantes Redondos de Silicona de Proyecci\u00f3n Moderada con un volumen de 240cc.<\/p>","protected":false},"excerpt":{"rendered":"<p>Colocaci\u00f3n por v\u00eda hemi-areolar inferior de implantes Redondos de Silicona de Proyecci\u00f3n Moderada con un volumen de 240cc.<\/p>","protected":false},"author":1,"featured_media":0,"comment_status":"closed","ping_status":"open","sticky":false,"template":"","format":"standard","meta":{"_et_pb_use_builder":"","_et_pb_old_content":"","_et_gb_content_width":"","footnotes":""},"categories":[72],"tags":[],"dipi_cpt_category":[],"class_list":["post-291","post","type-post","status-publish","format-standard","hentry","category-actualites"],"_links":{"self":[{"href":"https:\/\/www.desouches-chirurgien-esthetique.com\/es\/wp-json\/wp\/v2\/posts\/291","targetHints":{"allow":["GET"]}}],"collection":[{"href":"https:\/\/www.desouches-chirurgien-esthetique.com\/es\/wp-json\/wp\/v2\/posts"}],"about":[{"href":"https:\/\/www.desouches-chirurgien-esthetique.com\/es\/wp-json\/wp\/v2\/types\/post"}],"author":[{"embeddable":true,"href":"https:\/\/www.desouches-chirurgien-esthetique.com\/es\/wp-json\/wp\/v2\/users\/1"}],"replies":[{"embeddable":true,"href":"https:\/\/www.desouches-chirurgien-esthetique.com\/es\/wp-json\/wp\/v2\/comments?post=291"}],"version-history":[{"count":1,"href":"https:\/\/www.desouches-chirurgien-esthetique.com\/es\/wp-json\/wp\/v2\/posts\/291\/revisions"}],"predecessor-version":[{"id":963,"href":"https:\/\/www.desouches-chirurgien-esthetique.com\/es\/wp-json\/wp\/v2\/posts\/291\/revisions\/963"}],"wp:attachment":[{"href":"https:\/\/www.desouches-chirurgien-esthetique.com\/es\/wp-json\/wp\/v2\/media?parent=291"}],"wp:term":[{"taxonomy":"category","embeddable":true,"href":"https:\/\/www.desouches-chirurgien-esthetique.com\/es\/wp-json\/wp\/v2\/categories?post=291"},{"taxonomy":"post_tag","embeddable":true,"href":"https:\/\/www.desouches-chirurgien-esthetique.com\/es\/wp-json\/wp\/v2\/tags?post=291"},{"taxonomy":"dipi_cpt_category","embeddable":true,"href":"https:\/\/www.desouches-chirurgien-esthetique.com\/es\/wp-json\/wp\/v2\/dipi_cpt_category?post=291"}],"curies":[{"name":"gracias","href":"https:\/\/api.w.org\/{rel}","templated":true}]}}