{"id":257,"date":"2018-02-07T23:00:00","date_gmt":"2018-02-07T22:00:00","guid":{"rendered":"https:\/\/www.desouches-chirurgien-esthetique.com\/le-regard-est-une-question-dequilibre\/"},"modified":"2021-03-05T11:40:06","modified_gmt":"2021-03-05T10:40:06","slug":"el-look-es-una-cuestion-de-equilibrio","status":"publish","type":"post","link":"https:\/\/www.desouches-chirurgien-esthetique.com\/es\/actualites\/le-regard-est-une-question-dequilibre\/","title":{"rendered":"\u00bfLa mirada es una cuesti\u00f3n de equilibrio?"},"content":{"rendered":"<p style=\"text-align: left;\">no olvides eso\u00a0<strong>belleza<\/strong>\u00a0siempre ha sido un\u00a0<strong>cuesti\u00f3n de equilibrio<\/strong>\u00a0y emociones; para que podamos\u00a0<strong>borrar expresiones<\/strong>\u00a0<strong>negativo<\/strong>\u00a0para dar paso a una expresi\u00f3n m\u00e1s positiva con una mirada m\u00e1s luminosa y un rostro descansado.<\/p>\n<p style=\"text-align: left;\">El punto con el <strong>Doctor Christophe Desouches<\/strong>,\u00a0<a href=\"https:\/\/www.desouches-chirurgien-esthetique.com\/es\/\"><strong>cirujano pl\u00e1stico<\/strong>\u00a0en Marsella<\/a><\/p>\n<p style=\"text-align: left;\">Para esto el<a href=\"https:\/\/www.desouches-chirurgien-esthetique.com\/es\/injection-toxine-botulique.php\/\"><strong>\u00a0toxina botul\u00ednica<\/strong>\u00a0<\/a>Ayudar\u00e1 a relajar ciertos m\u00fasculos para borrar las l\u00edneas finas del rinc\u00f3n del ojo, reducir las arrugas entre las cejas y levantar una ceja para agrandar los ojos y borrar la severidad de una cara.<\/p>\n<p style=\"text-align: left;\">I&#039;<strong>inyecci\u00f3n<\/strong>\u00a0no es\u00a0<strong>no doloroso<\/strong>\u00a0y sin desalojo social.<\/p>\n<p style=\"text-align: left;\">El <a href=\"https:\/\/www.desouches-chirurgien-esthetique.com\/es\/lifting-paupieres-inferieures.php\/\"><strong>p\u00e1rpado inferior<\/strong><\/a>\u00a0tambi\u00e9n se puede tratar con un peeling medio con TCA.<\/p>\n<p style=\"text-align: left;\">Al cabo de una semana, obtenemos una descamaci\u00f3n de la piel que se regenerar\u00e1 en las siguientes semanas para alisarse.<\/p>\n<p style=\"text-align: left;\">Para mejorar y mantener los resultados, se debe considerar la aplicaci\u00f3n de cosm\u00e9ticos. Para ello ofrezco una consulta cosmetol\u00f3gica para formular un s\u00e9rum a medida.<\/p>","protected":false},"excerpt":{"rendered":"<p>No olvidemos que la belleza siempre ha sido cuesti\u00f3n de equilibrio y emociones; por lo que podemos borrar las expresiones negativas para dar lugar a una m\u00e1s positiva...<\/p>","protected":false},"author":1,"featured_media":0,"comment_status":"closed","ping_status":"open","sticky":false,"template":"","format":"standard","meta":{"_et_pb_use_builder":"","_et_pb_old_content":"","_et_gb_content_width":"","footnotes":""},"categories":[72],"tags":[],"dipi_cpt_category":[],"class_list":["post-257","post","type-post","status-publish","format-standard","hentry","category-actualites"],"_links":{"self":[{"href":"https:\/\/www.desouches-chirurgien-esthetique.com\/es\/wp-json\/wp\/v2\/posts\/257","targetHints":{"allow":["GET"]}}],"collection":[{"href":"https:\/\/www.desouches-chirurgien-esthetique.com\/es\/wp-json\/wp\/v2\/posts"}],"about":[{"href":"https:\/\/www.desouches-chirurgien-esthetique.com\/es\/wp-json\/wp\/v2\/types\/post"}],"author":[{"embeddable":true,"href":"https:\/\/www.desouches-chirurgien-esthetique.com\/es\/wp-json\/wp\/v2\/users\/1"}],"replies":[{"embeddable":true,"href":"https:\/\/www.desouches-chirurgien-esthetique.com\/es\/wp-json\/wp\/v2\/comments?post=257"}],"version-history":[{"count":3,"href":"https:\/\/www.desouches-chirurgien-esthetique.com\/es\/wp-json\/wp\/v2\/posts\/257\/revisions"}],"predecessor-version":[{"id":1103,"href":"https:\/\/www.desouches-chirurgien-esthetique.com\/es\/wp-json\/wp\/v2\/posts\/257\/revisions\/1103"}],"wp:attachment":[{"href":"https:\/\/www.desouches-chirurgien-esthetique.com\/es\/wp-json\/wp\/v2\/media?parent=257"}],"wp:term":[{"taxonomy":"category","embeddable":true,"href":"https:\/\/www.desouches-chirurgien-esthetique.com\/es\/wp-json\/wp\/v2\/categories?post=257"},{"taxonomy":"post_tag","embeddable":true,"href":"https:\/\/www.desouches-chirurgien-esthetique.com\/es\/wp-json\/wp\/v2\/tags?post=257"},{"taxonomy":"dipi_cpt_category","embeddable":true,"href":"https:\/\/www.desouches-chirurgien-esthetique.com\/es\/wp-json\/wp\/v2\/dipi_cpt_category?post=257"}],"curies":[{"name":"gracias","href":"https:\/\/api.w.org\/{rel}","templated":true}]}}