{"id":23420726,"date":"2026-06-23T11:42:13","date_gmt":"2026-06-23T09:42:13","guid":{"rendered":"https:\/\/www.desouches-chirurgien-esthetique.com\/?p=23420726"},"modified":"2026-07-21T09:14:33","modified_gmt":"2026-07-21T07:14:33","slug":"lifting-facial-de-plano-profundo-o-lifting-frances","status":"publish","type":"post","link":"https:\/\/www.desouches-chirurgien-esthetique.com\/es\/french-lift\/deep-plane-facelift-ou-french-lift\/","title":{"rendered":"Lifting facial de plano profundo o lifting franc\u00e9s: \u00bfqu\u00e9 t\u00e9cnica elegir?"},"content":{"rendered":"<h2>Lifting facial de plano profundo<\/h2>\n<p>el <strong>Lifting facial de plano profundo<\/strong> Actualmente est\u00e1 recibiendo mucha atenci\u00f3n de los medios de comunicaci\u00f3n.<br \/>\nA menudo se presenta como la t\u00e9cnica m\u00e1s moderna y eficaz, a veces incluso como el nuevo est\u00e1ndar para los estiramientos faciales.<\/p>\n<p>Pero en cirug\u00eda est\u00e9tica, nunca se debe elegir una t\u00e9cnica solo porque est\u00e9 de moda.<br \/>\nDebe elegirse porque se corresponde con un rostro, una anatom\u00eda, un grado de relajaci\u00f3n y un objetivo espec\u00edfico.<\/p>\n<p><strong>El lifting facial de plano profundo es una t\u00e9cnica profunda.<\/strong>.<br \/>\nPermite una movilizaci\u00f3n profunda de los tejidos, especialmente cuando hay flacidez facial significativa, arrugas pronunciadas o laxitud cervical avanzada.<\/p>\n<p>Esta t\u00e9cnica resulta \u00fatil en ciertos casos, pero requiere diseccionar en planos anat\u00f3micos cercanos a las ramas del nervio facial y, por lo tanto, conlleva el riesgo de da\u00f1arlo. El nervio facial es el que controla los movimientos faciales: sonre\u00edr, cerrar los ojos, mover las cejas y los labios.<br \/>\nPor lo tanto, su preservaci\u00f3n es un aspecto fundamental en cualquier cirug\u00eda facial.<\/p>\n<p>Por lo tanto, el lifting facial de plano profundo es una t\u00e9cnica m\u00e1s exigente., <strong>implican mayores riesgos, por lo que deben reservarse para las indicaciones apropiadas.<\/strong> y realizado con una habilidad quir\u00fargica perfecta.<\/p>\n<h2>El ascensor franc\u00e9s<\/h2>\n<p>el <a href=\"https:\/\/www.desouches-chirurgien-esthetique.com\/es\/cirugia-estetica\/cirugia-cosmetica-facial\/cirugia-estetica-de-ovalo-y-cuello\/ascensor-frances\/\">Ascensor franc\u00e9s<\/a> Se basa en una filosof\u00eda diferente.<br \/>\nNo es un alisado profundo, pero tampoco es un mini estiramiento facial.<\/p>\n<p>Se trata de un lifting facial vertical superficial cuyo objetivo es restaurar la forma ovalada, el cuello y la armon\u00eda del rostro sin transformar los rasgos faciales.<br \/>\nNo pretende &quot;cambiar&quot; el rostro, sino devolverle la tensi\u00f3n en una direcci\u00f3n natural, sin tracci\u00f3n lateral.<br \/>\nEste enfoque puede ser particularmente interesante para los pacientes que desean un <strong>El resultado es elegante y natural, sin efecto de estiramiento, y no requiere una disecci\u00f3n profunda.<\/strong>.<\/p>\n<h2>\u00bfCu\u00e1l elegir?<\/h2>\n<p>Por supuesto, ning\u00fan lifting facial est\u00e1 completamente exento de riesgos.<br \/>\nLa seguridad no depende \u00fanicamente del nombre de la t\u00e9cnica.<br \/>\nDepende de la indicaci\u00f3n, la calidad de los tejidos, la anatom\u00eda del paciente y la experiencia del cirujano.<\/p>\n<p>Por lo tanto, la verdadera pregunta no es: &quot;\u00bfQu\u00e9 t\u00e9cnica es la m\u00e1s de moda?&quot;.\u00ab<\/p>\n<p><strong>La verdadera pregunta es: &quot;\u00bfQu\u00e9 t\u00e9cnica se adapta mejor a este rostro, ofreciendo el mejor equilibrio entre resultados naturales, eficacia y seguridad?&quot;\u00ab<\/strong><\/p>\n<p>En cirug\u00eda est\u00e9tica, la modernidad no siempre consiste en ir m\u00e1s all\u00e1.<br \/>\nSe trata ante todo de <strong>realizar la acci\u00f3n correcta<\/strong>.<\/p>","protected":false},"excerpt":{"rendered":"<p>Le Deep Plane Facelift Le Deep Plane Facelift est aujourd\u2019hui tr\u00e8s m\u00e9diatis\u00e9. Il est souvent pr\u00e9sent\u00e9 comme la technique la plus moderne, la plus efficace, parfois m\u00eame comme le nouveau standard du lifting. Mais en chirurgie esth\u00e9tique, une technique ne doit jamais \u00eatre choisie parce qu\u2019elle est \u00e0 la mode. Elle doit \u00eatre choisie parce [&hellip;]<\/p>\n","protected":false},"author":3,"featured_media":0,"comment_status":"closed","ping_status":"closed","sticky":false,"template":"","format":"standard","meta":{"_et_pb_use_builder":"","_et_pb_old_content":"","_et_gb_content_width":"","footnotes":""},"categories":[159],"tags":[],"dipi_cpt_category":[],"class_list":["post-23420726","post","type-post","status-publish","format-standard","hentry","category-french-lift"],"_links":{"self":[{"href":"https:\/\/www.desouches-chirurgien-esthetique.com\/es\/wp-json\/wp\/v2\/posts\/23420726","targetHints":{"allow":["GET"]}}],"collection":[{"href":"https:\/\/www.desouches-chirurgien-esthetique.com\/es\/wp-json\/wp\/v2\/posts"}],"about":[{"href":"https:\/\/www.desouches-chirurgien-esthetique.com\/es\/wp-json\/wp\/v2\/types\/post"}],"author":[{"embeddable":true,"href":"https:\/\/www.desouches-chirurgien-esthetique.com\/es\/wp-json\/wp\/v2\/users\/3"}],"replies":[{"embeddable":true,"href":"https:\/\/www.desouches-chirurgien-esthetique.com\/es\/wp-json\/wp\/v2\/comments?post=23420726"}],"version-history":[{"count":4,"href":"https:\/\/www.desouches-chirurgien-esthetique.com\/es\/wp-json\/wp\/v2\/posts\/23420726\/revisions"}],"predecessor-version":[{"id":23420730,"href":"https:\/\/www.desouches-chirurgien-esthetique.com\/es\/wp-json\/wp\/v2\/posts\/23420726\/revisions\/23420730"}],"wp:attachment":[{"href":"https:\/\/www.desouches-chirurgien-esthetique.com\/es\/wp-json\/wp\/v2\/media?parent=23420726"}],"wp:term":[{"taxonomy":"category","embeddable":true,"href":"https:\/\/www.desouches-chirurgien-esthetique.com\/es\/wp-json\/wp\/v2\/categories?post=23420726"},{"taxonomy":"post_tag","embeddable":true,"href":"https:\/\/www.desouches-chirurgien-esthetique.com\/es\/wp-json\/wp\/v2\/tags?post=23420726"},{"taxonomy":"dipi_cpt_category","embeddable":true,"href":"https:\/\/www.desouches-chirurgien-esthetique.com\/es\/wp-json\/wp\/v2\/dipi_cpt_category?post=23420726"}],"curies":[{"name":"gracias","href":"https:\/\/api.w.org\/{rel}","templated":true}]}}