{"id":193,"date":"2020-03-19T23:00:00","date_gmt":"2020-03-19T22:00:00","guid":{"rendered":"https:\/\/www.desouches-chirurgien-esthetique.com\/prenez-du-temps-pour-vous\/"},"modified":"2021-03-05T12:18:51","modified_gmt":"2021-03-05T11:18:51","slug":"tomate-un-tiempo-para-ti","status":"publish","type":"post","link":"https:\/\/www.desouches-chirurgien-esthetique.com\/es\/actualites\/prenez-du-temps-pour-vous\/","title":{"rendered":"\u00a1T\u00f3mate un tiempo para ti!"},"content":{"rendered":"<h1><span style=\"color: #666666; font-size: 14px;\">\u00bfY si aprovechamos este periodo para hablar de belleza, bienestar, salud y preguntas - respuestas sobre cirug\u00eda est\u00e9tica?<\/span><\/h1>\n<div id=\"container_actualite_listing\">\n<div class=\"detail_actu\">\n<div class=\"actualitesDetailContenu\">\n<p><a class=\"lightbox\" href=\"https:\/\/www.desouches-chirurgien-esthetique.com\/es\/photos\/woman-2197947_1920.jpg\/\" data-fancybox-group=\"actu_321\"><img decoding=\"async\" class=\"aligncenter\" title=\"\u00a1T\u00d3MATE UN TIEMPO PARA TI MISMO! \" src=\"https:\/\/www.desouches-chirurgien-esthetique.com\/photos\/200x133\/woman-2197947_1920.jpg\" alt=\"\u00a1T\u00d3MATE UN TIEMPO PARA TI MISMO! \" width=\"200\" height=\"133\" \/><\/a><br \/>\nComencemos con la rutina de belleza en casa;<\/p>\n<h2>\n\u00a1T\u00f3mate un tiempo para ti!<\/h2>\n<p>Ya sean los hijos, los estudios, el trabajo... siempre tenemos una mala excusa para soltar. Sin embargo, tener confianza en uno mismo y estar de buen humor comienza con sentirse bella y bien con su cuerpo. As\u00ed que ponemos en marcha un ritual de belleza m\u00ednimo a diario y \u00a1empieza por aprovechar al m\u00e1ximo la noche!<\/p>\n<p>Cuidarse tambi\u00e9n significa tener un sue\u00f1o de calidad. No solo es bueno para la salud sino tambi\u00e9n para la piel. Adem\u00e1s, las modelos no se equivocan: es su secreto de belleza tener una tez radiante y cero ojeras.<\/p>\n<h2>\nEl sue\u00f1o tambi\u00e9n es un buen momento para la regeneraci\u00f3n celular. As\u00ed que es el momento perfecto para optar por el cuidado de noche y conseguir un nuevo look. \u00a1Invertimos en un tratamiento multitarea que protege y repara!<\/h2>\n<\/div>\n<\/div>\n<\/div>","protected":false},"excerpt":{"rendered":"<p>\u00bfY si aprovechamos este periodo para hablar de belleza, bienestar, salud y preguntas - respuestas sobre cirug\u00eda est\u00e9tica?<br \/>\nComencemos con la rutina de belleza en casa;<br \/>\nToma alguno\u2026<\/p>","protected":false},"author":1,"featured_media":0,"comment_status":"closed","ping_status":"open","sticky":false,"template":"","format":"standard","meta":{"_et_pb_use_builder":"","_et_pb_old_content":"","_et_gb_content_width":"","footnotes":""},"categories":[72],"tags":[],"dipi_cpt_category":[],"class_list":["post-193","post","type-post","status-publish","format-standard","hentry","category-actualites"],"_links":{"self":[{"href":"https:\/\/www.desouches-chirurgien-esthetique.com\/es\/wp-json\/wp\/v2\/posts\/193","targetHints":{"allow":["GET"]}}],"collection":[{"href":"https:\/\/www.desouches-chirurgien-esthetique.com\/es\/wp-json\/wp\/v2\/posts"}],"about":[{"href":"https:\/\/www.desouches-chirurgien-esthetique.com\/es\/wp-json\/wp\/v2\/types\/post"}],"author":[{"embeddable":true,"href":"https:\/\/www.desouches-chirurgien-esthetique.com\/es\/wp-json\/wp\/v2\/users\/1"}],"replies":[{"embeddable":true,"href":"https:\/\/www.desouches-chirurgien-esthetique.com\/es\/wp-json\/wp\/v2\/comments?post=193"}],"version-history":[{"count":2,"href":"https:\/\/www.desouches-chirurgien-esthetique.com\/es\/wp-json\/wp\/v2\/posts\/193\/revisions"}],"predecessor-version":[{"id":1156,"href":"https:\/\/www.desouches-chirurgien-esthetique.com\/es\/wp-json\/wp\/v2\/posts\/193\/revisions\/1156"}],"wp:attachment":[{"href":"https:\/\/www.desouches-chirurgien-esthetique.com\/es\/wp-json\/wp\/v2\/media?parent=193"}],"wp:term":[{"taxonomy":"category","embeddable":true,"href":"https:\/\/www.desouches-chirurgien-esthetique.com\/es\/wp-json\/wp\/v2\/categories?post=193"},{"taxonomy":"post_tag","embeddable":true,"href":"https:\/\/www.desouches-chirurgien-esthetique.com\/es\/wp-json\/wp\/v2\/tags?post=193"},{"taxonomy":"dipi_cpt_category","embeddable":true,"href":"https:\/\/www.desouches-chirurgien-esthetique.com\/es\/wp-json\/wp\/v2\/dipi_cpt_category?post=193"}],"curies":[{"name":"gracias","href":"https:\/\/api.w.org\/{rel}","templated":true}]}}