{"id":172,"date":"2020-10-08T22:00:00","date_gmt":"2020-10-08T20:00:00","guid":{"rendered":"https:\/\/www.desouches-chirurgien-esthetique.com\/une-nouvelle-maniere-dagir\/"},"modified":"2021-03-05T08:46:13","modified_gmt":"2021-03-05T07:46:13","slug":"una-nueva-manera-de-actuar","status":"publish","type":"post","link":"https:\/\/www.desouches-chirurgien-esthetique.com\/es\/actualites\/une-nouvelle-maniere-dagir\/","title":{"rendered":"Una nueva forma de actuar"},"content":{"rendered":"<p>Las comisuras de los labios ca\u00eddos, las arrugas del entrecejo, las l\u00edneas de amargura...<br \/>\nLas arrugas verticales, que se imprimen en el rostro con el paso del tiempo, no reflejan una buena imagen de nosotros mismos y acaban afectando nuestra moral.<\/p>\n<p><img decoding=\"async\" class=\"size-full wp-image-976 aligncenter\" src=\"https:\/\/www.desouches-chirurgien-esthetique.com\/wp-content\/uploads\/2020\/10\/girl-2696947_1920.jpg\" alt=\"\" width=\"200\" height=\"200\" srcset=\"https:\/\/www.desouches-chirurgien-esthetique.com\/wp-content\/uploads\/2020\/10\/girl-2696947_1920.jpg 200w, https:\/\/www.desouches-chirurgien-esthetique.com\/wp-content\/uploads\/2020\/10\/girl-2696947_1920-150x150.jpg 150w\" sizes=\"(max-width: 200px) 100vw, 200px\" \/><\/p>\n<p>Todo lo que baja te hace ver triste y cansado.<br \/>\nSometido a la gravedad, el rostro aparece sombr\u00edo y preocupado y transmite emociones negativas. Esta m\u00e1scara de tristeza puede acabar primando sobre nuestras emociones reales.<\/p>\n<p>Sin embargo, el uso de inyecciones todav\u00eda hace dudar a muchas mujeres.<br \/>\nAunque hace unos a\u00f1os nos inyect\u00e1ramos demasiado para borrarlo todo y llenarlo todo, de ah\u00ed caras sin expresi\u00f3n, congeladas, hinchadas. Hoy, \u201chorizontalizamos\u201d, realzamos sin subir demasiado, para darle al rostro un aspecto sano y sonriente, \u00a1muy lejos del look quir\u00fargico americano!<\/p>\n<p>\u00a1Es una buena noticia!<\/p>\n<p>Una primera consulta nos permitir\u00e1 hablar de ello<\/p>","protected":false},"excerpt":{"rendered":"<p>\u00bfComisuras de los labios ca\u00eddas, l\u00edneas de expresi\u00f3n, l\u00edneas de amargura? Las arrugas verticales, que se imprimen en el rostro con el tiempo, no reflejan una buena imagen de nosotros mismos y acaban...<\/p>","protected":false},"author":1,"featured_media":0,"comment_status":"closed","ping_status":"open","sticky":false,"template":"","format":"standard","meta":{"_et_pb_use_builder":"","_et_pb_old_content":"","_et_gb_content_width":"","footnotes":""},"categories":[72],"tags":[],"dipi_cpt_category":[],"class_list":["post-172","post","type-post","status-publish","format-standard","hentry","category-actualites"],"_links":{"self":[{"href":"https:\/\/www.desouches-chirurgien-esthetique.com\/es\/wp-json\/wp\/v2\/posts\/172","targetHints":{"allow":["GET"]}}],"collection":[{"href":"https:\/\/www.desouches-chirurgien-esthetique.com\/es\/wp-json\/wp\/v2\/posts"}],"about":[{"href":"https:\/\/www.desouches-chirurgien-esthetique.com\/es\/wp-json\/wp\/v2\/types\/post"}],"author":[{"embeddable":true,"href":"https:\/\/www.desouches-chirurgien-esthetique.com\/es\/wp-json\/wp\/v2\/users\/1"}],"replies":[{"embeddable":true,"href":"https:\/\/www.desouches-chirurgien-esthetique.com\/es\/wp-json\/wp\/v2\/comments?post=172"}],"version-history":[{"count":2,"href":"https:\/\/www.desouches-chirurgien-esthetique.com\/es\/wp-json\/wp\/v2\/posts\/172\/revisions"}],"predecessor-version":[{"id":978,"href":"https:\/\/www.desouches-chirurgien-esthetique.com\/es\/wp-json\/wp\/v2\/posts\/172\/revisions\/978"}],"wp:attachment":[{"href":"https:\/\/www.desouches-chirurgien-esthetique.com\/es\/wp-json\/wp\/v2\/media?parent=172"}],"wp:term":[{"taxonomy":"category","embeddable":true,"href":"https:\/\/www.desouches-chirurgien-esthetique.com\/es\/wp-json\/wp\/v2\/categories?post=172"},{"taxonomy":"post_tag","embeddable":true,"href":"https:\/\/www.desouches-chirurgien-esthetique.com\/es\/wp-json\/wp\/v2\/tags?post=172"},{"taxonomy":"dipi_cpt_category","embeddable":true,"href":"https:\/\/www.desouches-chirurgien-esthetique.com\/es\/wp-json\/wp\/v2\/dipi_cpt_category?post=172"}],"curies":[{"name":"gracias","href":"https:\/\/api.w.org\/{rel}","templated":true}]}}