{"id":14527,"date":"2021-10-06T12:04:26","date_gmt":"2021-10-06T10:04:26","guid":{"rendered":"https:\/\/www.desouches-chirurgien-esthetique.com\/?p=14527"},"modified":"2021-11-22T17:05:20","modified_gmt":"2021-11-22T16:05:20","slug":"el-arte-de-realzar-una-boca","status":"publish","type":"post","link":"https:\/\/www.desouches-chirurgien-esthetique.com\/es\/actualites\/lart-de-sublimer-une-bouche\/","title":{"rendered":"El arte de realzar una boca..."},"content":{"rendered":"<p>Labios que se han vuelto altamente deseables simbolizando los nuevos c\u00f3digos de seducci\u00f3n...<br \/>\nEn cuanto a la hidrataci\u00f3n y la rearmonizaci\u00f3n de los labios con el rostro, es posible en la pr\u00e1ctica intervenir con una sutil inyecci\u00f3n de \u00e1cido hialur\u00f3nico. El gel est\u00e1 especialmente desarrollado para esta zona con el fin de restaurar la forma de los labios sin a\u00f1adir volumen que podr\u00eda sobrecorregir esta zona.<br \/>\nEl resultado se asienta r\u00e1pidamente para durar varios meses\u2026.<\/p>","protected":false},"excerpt":{"rendered":"<p>Les l\u00e8vres deve\u00adnues haute\u00adment d\u00e9si\u00adrables symbo\u00adli\u00adsant les nouveaux codes de s\u00e9duc\u00adtion\u2026 Concernant l\u2019hydratation et la r\u00e9harmonisation des l\u00e8vres avec le visage il est possible au cabinet d\u2019intervenir avec une injection subtile d\u2019acide hyaluronique. Le gel est sp\u00e9cialement \u00e9labor\u00e9 pour cette zone afin de redonner du galbe aux l\u00e8vres sans apporter un volume qui pourrait sur-corriger [&hellip;]<\/p>\n","protected":false},"author":6,"featured_media":0,"comment_status":"open","ping_status":"open","sticky":false,"template":"","format":"standard","meta":{"_et_pb_use_builder":"","_et_pb_old_content":"","_et_gb_content_width":"","footnotes":""},"categories":[72],"tags":[],"dipi_cpt_category":[],"class_list":["post-14527","post","type-post","status-publish","format-standard","hentry","category-actualites"],"_links":{"self":[{"href":"https:\/\/www.desouches-chirurgien-esthetique.com\/es\/wp-json\/wp\/v2\/posts\/14527","targetHints":{"allow":["GET"]}}],"collection":[{"href":"https:\/\/www.desouches-chirurgien-esthetique.com\/es\/wp-json\/wp\/v2\/posts"}],"about":[{"href":"https:\/\/www.desouches-chirurgien-esthetique.com\/es\/wp-json\/wp\/v2\/types\/post"}],"author":[{"embeddable":true,"href":"https:\/\/www.desouches-chirurgien-esthetique.com\/es\/wp-json\/wp\/v2\/users\/6"}],"replies":[{"embeddable":true,"href":"https:\/\/www.desouches-chirurgien-esthetique.com\/es\/wp-json\/wp\/v2\/comments?post=14527"}],"version-history":[{"count":5,"href":"https:\/\/www.desouches-chirurgien-esthetique.com\/es\/wp-json\/wp\/v2\/posts\/14527\/revisions"}],"predecessor-version":[{"id":14579,"href":"https:\/\/www.desouches-chirurgien-esthetique.com\/es\/wp-json\/wp\/v2\/posts\/14527\/revisions\/14579"}],"wp:attachment":[{"href":"https:\/\/www.desouches-chirurgien-esthetique.com\/es\/wp-json\/wp\/v2\/media?parent=14527"}],"wp:term":[{"taxonomy":"category","embeddable":true,"href":"https:\/\/www.desouches-chirurgien-esthetique.com\/es\/wp-json\/wp\/v2\/categories?post=14527"},{"taxonomy":"post_tag","embeddable":true,"href":"https:\/\/www.desouches-chirurgien-esthetique.com\/es\/wp-json\/wp\/v2\/tags?post=14527"},{"taxonomy":"dipi_cpt_category","embeddable":true,"href":"https:\/\/www.desouches-chirurgien-esthetique.com\/es\/wp-json\/wp\/v2\/dipi_cpt_category?post=14527"}],"curies":[{"name":"gracias","href":"https:\/\/api.w.org\/{rel}","templated":true}]}}