{"id":14504,"date":"2021-09-27T14:51:00","date_gmt":"2021-09-27T12:51:00","guid":{"rendered":"https:\/\/www.desouches-chirurgien-esthetique.com\/?p=14504"},"modified":"2022-01-20T11:27:47","modified_gmt":"2022-01-20T10:27:47","slug":"por-que-inyectar-acido-hialuronico","status":"publish","type":"post","link":"https:\/\/www.desouches-chirurgien-esthetique.com\/es\/actualites\/pourquoi-injecter-de-lacide-hyaluronique\/","title":{"rendered":"\u00bfPor qu\u00e9 inyectar \u00e1cido hialur\u00f3nico?"},"content":{"rendered":"<p>El tratamiento de los vol\u00famenes faciales permite intervenir sobre los d\u00e9ficits de volumen naturales o propios de la edad.<\/p>\n<p>Los \u00e1cidos hialur\u00f3nicos son de diferente densidad y concentraci\u00f3n. Cada uno se utilizar\u00e1 seg\u00fan la indicaci\u00f3n (profundidad de la arruga o grado de p\u00e9rdida de volumen). Podemos distinguir entre productos \u201cde relleno\u201d y \u201cde volumen\u201d.<\/p>\n<p>Los productos \u201cVolumizantes\u201d son densos y concentrados, se inyectan m\u00e1s profundo que los rellenos, tambi\u00e9n son m\u00e1s duraderos. Para los labios inyectamos productos fluidos que permiten un resultado natural.<\/p>\n<p>La cantidad de producto inyectado depender\u00e1 de la solicitud de correcci\u00f3n y del resultado final deseado.<\/p>\n<p>Las inyecciones de \u00e1cido hialur\u00f3nico se pueden realizar sin l\u00edmite de edad. Pueden tratar la falta de volumen relacionada con la edad y combinarse con inyecciones de Botox.<br \/>\nEl \u00e1cido hialur\u00f3nico puede rellenar las arrugas de expresi\u00f3n, las asimetr\u00edas de volumen, dar forma a un rostro...<\/p>\n<p><a href=\"https:\/\/www.desouches-chirurgien-esthetique.com\/es\/antes-despues-cirugia-cosmetica-facial\/acido-hialuronico-frecuentemente-cuestionado\/\">Preguntas frecuentes sobre el \u00e1cido hialur\u00f3nico &gt;<\/a><\/p>","protected":false},"excerpt":{"rendered":"<p>Le traitement des volumes du visage permet d\u2019intervenir sur les d\u00e9ficits de volumes naturels ou li\u00e9s \u00e0 l\u2019\u00e2ge. Les acides hyaluroniques sont de densit\u00e9 et de concentration diff\u00e9rentes. Chacun sera utilis\u00e9 en fonction de l\u2019indication (profondeur de la ride ou importance de la perte de volume). On peut distinguer des produits de \u201ccomblement\u201d et des [&hellip;]<\/p>\n","protected":false},"author":6,"featured_media":0,"comment_status":"open","ping_status":"open","sticky":false,"template":"","format":"standard","meta":{"_et_pb_use_builder":"","_et_pb_old_content":"","_et_gb_content_width":"","footnotes":""},"categories":[72],"tags":[],"dipi_cpt_category":[],"class_list":["post-14504","post","type-post","status-publish","format-standard","hentry","category-actualites"],"_links":{"self":[{"href":"https:\/\/www.desouches-chirurgien-esthetique.com\/es\/wp-json\/wp\/v2\/posts\/14504","targetHints":{"allow":["GET"]}}],"collection":[{"href":"https:\/\/www.desouches-chirurgien-esthetique.com\/es\/wp-json\/wp\/v2\/posts"}],"about":[{"href":"https:\/\/www.desouches-chirurgien-esthetique.com\/es\/wp-json\/wp\/v2\/types\/post"}],"author":[{"embeddable":true,"href":"https:\/\/www.desouches-chirurgien-esthetique.com\/es\/wp-json\/wp\/v2\/users\/6"}],"replies":[{"embeddable":true,"href":"https:\/\/www.desouches-chirurgien-esthetique.com\/es\/wp-json\/wp\/v2\/comments?post=14504"}],"version-history":[{"count":6,"href":"https:\/\/www.desouches-chirurgien-esthetique.com\/es\/wp-json\/wp\/v2\/posts\/14504\/revisions"}],"predecessor-version":[{"id":14713,"href":"https:\/\/www.desouches-chirurgien-esthetique.com\/es\/wp-json\/wp\/v2\/posts\/14504\/revisions\/14713"}],"wp:attachment":[{"href":"https:\/\/www.desouches-chirurgien-esthetique.com\/es\/wp-json\/wp\/v2\/media?parent=14504"}],"wp:term":[{"taxonomy":"category","embeddable":true,"href":"https:\/\/www.desouches-chirurgien-esthetique.com\/es\/wp-json\/wp\/v2\/categories?post=14504"},{"taxonomy":"post_tag","embeddable":true,"href":"https:\/\/www.desouches-chirurgien-esthetique.com\/es\/wp-json\/wp\/v2\/tags?post=14504"},{"taxonomy":"dipi_cpt_category","embeddable":true,"href":"https:\/\/www.desouches-chirurgien-esthetique.com\/es\/wp-json\/wp\/v2\/dipi_cpt_category?post=14504"}],"curies":[{"name":"gracias","href":"https:\/\/api.w.org\/{rel}","templated":true}]}}